{"id":113,"date":"2009-10-28T19:32:28","date_gmt":"2009-10-28T17:32:28","guid":{"rendered":"http:\/\/berg.to\/blog\/?p=113"},"modified":"2009-10-29T13:39:32","modified_gmt":"2009-10-29T11:39:32","slug":"oppna-nat","status":"publish","type":"post","link":"http:\/\/berg.to\/blog\/2009\/10\/oppna-nat\/","title":{"rendered":"\u00d6ppna n\u00e4t"},"content":{"rendered":"<p>[Uppdaterad: fixade lite stavfel och f\u00f6rtydligade avskrivningsdelen]<\/p>\n<p>Eftersom svininfluensan slagit till s\u00e5 har jag kunnat vara hemma och har anv\u00e4nt tiden till att f\u00f6lja diskussionen om \u00d6ppna n\u00e4t fr\u00e5n Rosenbad. Det sas mycket intressant och alla f\u00f6refaller helt \u00f6verens men s\u00e5 \u00e4r inte fallet. Bara att diskussionen finns indikerar ju att det finns underliggande konflikter.<\/p>\n<p>Patrik F\u00e4ltstr\u00f6m \u00e4r som vanligt tydlig och insiktsfull i sin pedagogiska framst\u00e4llning. Kanske saknar man kopplingen till exemplen fr\u00e5n verkligheten. Kanske saknar man till var skiljelinjerna finns. Jag \u00e4r ju inte sj\u00e4lv direkt i denna bransch och har d\u00e4rmed kanske inte den riktiga fingertoppsk\u00e4nslan som kriget vid fronten inneb\u00e4r n\u00e4r jag tittar p\u00e5 detta, men jag tror mig f\u00f6rst\u00e5 n\u00e5gra olika fronter;<\/p>\n<p><strong># Integration av b\u00e4rare och tj\u00e4nst<\/strong>; den som drar kabeln till en fastighet vill av rent f\u00f6retagsekonomiska sk\u00e4l bli leverant\u00f6r se till att du inte kan byta leverant\u00f6r under denna avskrivningstid.\u00a0 Som kund vill man slippa inl\u00e5sning och kunna byta inom en rimlig tid.Det finns en inneboende konflikt mellan en leverant\u00f6r som vill rulla ut infrastruktur; man vill ha en bindning som \u00e4r s\u00e5 l\u00e5ng som m\u00f6jligt f\u00f6r att den ekonomiska instegstr\u00f6skeln f\u00f6r kunden skall vara s\u00e5 l\u00e5g som m\u00f6jligt men f\u00f6retagsekonomiskt vill man ha sig kapitalkostnad t\u00e4ckt s\u00e5 fort som m\u00f6jligt. Avskrivningstid \u00e4r f\u00f6rmodligen ganska kort i f\u00f6rh\u00e5llande till vad som \u00e4r rimligt f\u00f6r en infrastruktur som har en livsl\u00e4ngd p\u00e5 flera dussin \u00e5r (h\u00e4r g\u00f6r jag ett antagande om speciellt fiber som n\u00e4rmast takl\u00f6st vad avser kapacitet sett \u00f6ver tid, d\u00e4r man p\u00e5 samma s\u00e4tt som med v\u00e5ra galvaniska f\u00f6rbindelser bl\u00e5st upp dem i l\u00e5ngt \u00f6ver det man trodde teoretiskt m\u00f6jligt). Normala f\u00f6retagsekonomiska ber\u00e4kningar brukar ju s\u00e4llan kunna r\u00e4cka \u00f6ver n\u00e5got eller n\u00e5gra \u00e5r &#8211; inte mer.<\/p>\n<p>KabelTV operat\u00f6rerna \u00e4r ju lite av en bov h\u00e4r; man kollektivansluter bostadsbolag sl\u00e5r man ocks\u00e5 undan f\u00f6tterna p\u00e5 f\u00f6ruts\u00e4ttningar f\u00f6r att det skall etableras ADSL i n\u00e4rliggande telestationerna, f\u00f6r underlaget riskerar blir f\u00f6r litet.<\/p>\n<p><strong>L\u00f6sningen \u00e4r att den som \u00e4r villig att ta en infrastrukturinvestering p\u00e5 detta vis m\u00e5ste kunna g\u00f6ra det, men att bindningstiden m\u00e5ste vara begr\u00e4nsad. Jag skulle f\u00f6resl\u00e5 att 24 m\u00e5naders bindningstid \u00e4r maximal f\u00f6r alla typer av abonnemang f\u00f6r IT tj\u00e4nster som fast telefon, mobiltelefon, TV och internet. I fallet infrastruktur, d\u00e4r f\u00f6rbindelsen rimligen inte kan hunnit &#8220;skrivas av&#8221; under en rimlig bindningstid b\u00f6r leverant\u00f6ren ocks\u00e5 kunna f\u00e5 kr\u00e4va en &#8220;l\u00f6sen&#8221; i form av bokf\u00f6rt restv\u00e4rde.<br \/>\n<\/strong><\/p>\n<p>Den andra potentiella boven \u00e4r stadsn\u00e4t som inte kan dra en gr\u00e4ns mellan vad dom b\u00e4r g\u00f6ra och vad kommersiella akt\u00f6rer b\u00f6r g\u00f6ra; Stadsn\u00e4t kan absolut etablera \u00f6ppen infrastruktur, d\u00e4r man kan leverera en tj\u00e4nst fr\u00e5n godtycklig ISP. Vissa stadsn\u00e4t kliver in och blir dessutom ISP:er och det \u00e4r i detta fall man kliver inte i fel skr\u00e5 och med offentliga medel i potten konkurrera med kommersiella akt\u00f6rer.<\/p>\n<p><strong>L\u00f6sningen h\u00e4r \u00e4r att stat och kommun kan leverera infrastruktur men f\u00e5r aldrig leverera en ISP tj\u00e4nst.<\/strong><\/p>\n<p>#<strong> ISP:n levererar en internet tj\u00e4nst men ocks\u00e5 ett antal VAS (Value Added Services). Man arbetar aktivt eller passivt f\u00f6r att konkurrerande tj\u00e4nster inte skall fungera.<\/strong><\/p>\n<p>T\u00e4nk att du k\u00f6per internet av Bredbandsbolaget men vill k\u00f6pa bredbandstelefoni av n\u00e5gon annan. Brebandstelefonileverant\u00f6ren skickar d\u00e5 en ATA box till dig och du kopplar in den, men d\u00e4r tar det stopp. Bredbandsbolaget s\u00e4ljern\u00e4mligen sj\u00e4lv telefoni och bara ATA boxar som bredbandsbolaget\/telenor levererar fungerar fr\u00e5n Brebandsbolagets kundanslutningar. Det betyder att man skapat en inl\u00e5sning och en i grunden osund favorisering av sin egen telefonitj\u00e4nst. Eller &#8211; det finns ingen m\u00f6jlighet f\u00f6r n\u00e5gon att ta ett informerat beslut om v\u00e4rdet av Bredbandsbolagets tj\u00e4nst om detta inte framg\u00e5r tydligt och det g\u00f6r det inte p\u00e5 n\u00e5got s\u00e4tt alls s\u00e5 vitt jag kan se. Jag visste inte detta d\u00e5 jag blev kund hos Bredbandsbolaget.<\/p>\n<p><strong>L\u00f6sningen m\u00e5ste vara att man varudeklarerar internet tj\u00e4nsten. Alla typer av inskr\u00e4nkningar som tj\u00e4nsten \u00e4r beh\u00e4ftade med m\u00e5ste kunna redovisas p\u00e5 ett strukturerat och tydligt s\u00e4tt. H\u00e4r har branschen ett stort ansvar att finna former och strukturer, p\u00e5 samma s\u00e4tt som mobiloperat\u00f6rerna gjorde om vilken bandbredd man erbjuder. Det \u00e4r kanske ocks\u00e5 en logisk utveckling av bredbandskollen att se vilka protokoll och portar som \u00e4r \u00f6ppna.<\/strong><\/p>\n","protected":false},"excerpt":{"rendered":"<p>[Uppdaterad: fixade lite stavfel och f\u00f6rtydligade avskrivningsdelen] Eftersom svininfluensan slagit till s\u00e5 har jag kunnat vara hemma och har anv\u00e4nt tiden till att f\u00f6lja diskussionen om \u00d6ppna n\u00e4t fr\u00e5n Rosenbad. Det sas mycket intressant och alla f\u00f6refaller helt \u00f6verens men s\u00e5 \u00e4r inte fallet. Bara att diskussionen finns indikerar ju att det finns underliggande konflikter. &hellip; <a href=\"http:\/\/berg.to\/blog\/2009\/10\/oppna-nat\/\" class=\"more-link\">Continue reading <span class=\"screen-reader-text\">\u00d6ppna n\u00e4t<\/span><\/a><\/p>\n","protected":false},"author":4,"featured_media":0,"comment_status":"open","ping_status":"open","sticky":false,"template":"","format":"standard","meta":{"footnotes":""},"categories":[11,9,23,3,52],"tags":[71,72,147,69,68,70,67],"class_list":["post-113","post","type-post","status-publish","format-standard","hentry","category-demokrati","category-internet","category-it","category-politik","category-svininfluensan","tag-barare","tag-fiber","tag-internet","tag-konkurrensverket","tag-pts","tag-stadsnat","tag-oppna-nat"],"_links":{"self":[{"href":"http:\/\/berg.to\/blog\/wp-json\/wp\/v2\/posts\/113","targetHints":{"allow":["GET"]}}],"collection":[{"href":"http:\/\/berg.to\/blog\/wp-json\/wp\/v2\/posts"}],"about":[{"href":"http:\/\/berg.to\/blog\/wp-json\/wp\/v2\/types\/post"}],"author":[{"embeddable":true,"href":"http:\/\/berg.to\/blog\/wp-json\/wp\/v2\/users\/4"}],"replies":[{"embeddable":true,"href":"http:\/\/berg.to\/blog\/wp-json\/wp\/v2\/comments?post=113"}],"version-history":[{"count":3,"href":"http:\/\/berg.to\/blog\/wp-json\/wp\/v2\/posts\/113\/revisions"}],"predecessor-version":[{"id":115,"href":"http:\/\/berg.to\/blog\/wp-json\/wp\/v2\/posts\/113\/revisions\/115"}],"wp:attachment":[{"href":"http:\/\/berg.to\/blog\/wp-json\/wp\/v2\/media?parent=113"}],"wp:term":[{"taxonomy":"category","embeddable":true,"href":"http:\/\/berg.to\/blog\/wp-json\/wp\/v2\/categories?post=113"},{"taxonomy":"post_tag","embeddable":true,"href":"http:\/\/berg.to\/blog\/wp-json\/wp\/v2\/tags?post=113"}],"curies":[{"name":"wp","href":"https:\/\/api.w.org\/{rel}","templated":true}]}}