{"id":1773,"date":"2019-07-26T00:21:53","date_gmt":"2019-07-25T22:21:53","guid":{"rendered":"http:\/\/berg.to\/blog\/?p=1773"},"modified":"2019-07-26T01:20:59","modified_gmt":"2019-07-25T23:20:59","slug":"abortfragan-och-proliferorelsen","status":"publish","type":"post","link":"http:\/\/berg.to\/blog\/2019\/07\/abortfragan-och-proliferorelsen\/","title":{"rendered":"Abortfr\u00e5gan och Prolifer\u00f6relsen"},"content":{"rendered":"\n<p>Abort k\u00e4nns som en fr\u00e5ga d\u00e4r Sverige som land kom fram till en position som d\u00e4rp\u00e5 skulle vara fast f\u00f6rankrad f\u00f6r all framtid. I valet mellan kvinnans r\u00e4tt att v\u00e4lja och det of\u00f6dda fostrets r\u00e4tt att bli f\u00f6dd, s\u00e5 v\u00e4ljer vi mammans r\u00e4tt till val framf\u00f6r cellklumpens, till en punkt d\u00e4r det tippar \u00f6ver och vi prioriterar cellklumpen (som vid det laget \u00e4r mer av ett barn). Denna \u00e5sikt har ett oerh\u00f6rt brett folkligt st\u00f6d. Faktiskt s\u00e4rmare 90%, vilket f\u00e5r s\u00e4gas vara unikt h\u00f6gt st\u00f6d i en fr\u00e5ga som \u00e4r s\u00e5 internationellt kontroversiellt. (St\u00f6det f\u00f6r abort \u00e4r svagast i kategorin religi\u00f6sa och l\u00e5gutbildade)<\/p>\n\n\n\n<p>Se: <a href=\"https:\/\/som.gu.se\/digitalAssets\/1533\/1533961_ett-bedr--gligt-lugn---ver-abortopinionen-friberg-fernros-lindgren.pdf\">https:\/\/som.gu.se\/digitalAssets\/1533\/1533961_ett-bedr&#8211;gligt-lugn&#8212;ver-abortopinionen-friberg-fernros-lindgren.pdf<\/a><\/p>\n\n\n\n<p>Men det finns m\u00e5nga som gjort till sin livsuppgift att bek\u00e4mpa aborterna. Det finns religi\u00f6sa som accepterar aborter och det finns s\u00e4kert abortmotst\u00e5ndare bland ateister ocks\u00e5, men det finns en oerh\u00f6rt stark koppling mellan ett h\u00e5rdnackat abortmotst\u00e5nd och religiositet.<\/p>\n\n\n\n<p>Vad v\u00e4rre \u00e4r, s\u00e5 finns det ett internationellt tryck \u00e4ven p\u00e5 Sverige i fr\u00e5gan. Den amerikanska prolifer\u00f6relsen verkar f\u00f6r att stoppa aborter, och om det inte g\u00e5r s\u00e5 i alla fall att f\u00f6rsv\u00e5ra f\u00f6r dem. Prolife \u00e4r en falang inom den kristna h\u00f6gern i USA.<\/p>\n\n\n\n<p>Skandinaviska m\u00e4nniskor\u00e4ttsjuristerna AB l\u00e5ter som en lovv\u00e4rd organisation. M\u00e4nniskor\u00e4tt \u00e4r ju bra. Men det \u00e4r en ulv i f\u00e5rakl\u00e4der. Det \u00e4r en organisation som i sin programf\u00f6rklaring pekar p\u00e5 den kristna v\u00e4rdegrunden. Dom tar sig an fall men driver ocks\u00e5 utbildningar och skriver debattartiklar.<\/p>\n\n\n\n<p>Det \u00e4r dom som bist\u00e5tt Ellinor Grimmark. Barnmorskan som inte fick jobb eftersom hon v\u00e4grade utf\u00f6ra moment i arbetsbeskrivningen. Nu f\u00f6retr\u00e4der man ocks\u00e5 Linda Steen i samma typ av \u00e4rende. Och man skriver debattartiklar.  Juridiska ombud f\u00f6retr\u00e4der sina kunder &#8211; dom skriver inte debattartiklar f\u00f6r att p\u00e5verka r\u00e4ttsl\u00e4get. Men Skandinaviska m\u00e4nniskor\u00e4ttsjuristerna \u00e4r ingen vanlig byr\u00e5 &#8211; det \u00e4r en front f\u00f6r ett religi\u00f6st orienterat abortmotst\u00e5nd. Dom \u00e5tar sig fall f\u00f6r att \u00e4ndra r\u00e4ttsl\u00e4get. Genom att vinna m\u00e5let \u00e5t sin klient s\u00e5 hj\u00e4lper man till att f\u00f6r\u00e4ndra r\u00e4ttsl\u00e4get.  Uppdragsgivaren \u00e4r inte klienten &#8211; det \u00e4r amerikanska Prolife r\u00f6relsen.<\/p>\n\n\n\n<p>Tidningen Arbetaren har gjort en djupare unders\u00f6kning, och om man bortser fr\u00e5n den f\u00f6rutsedda vinkeln att allt ont associeras med h\u00f6ger och allt gott med v\u00e4nster, s\u00e5 \u00e4r faktadelarna i texterna riktigt bra och man sl\u00e5r fast kopplingen mellan ett n\u00e4tverk i kampen f\u00f6r att f\u00f6rbjuda abort och den svenska byr\u00e5n:<\/p>\n\n\n\n<p>Se:  <a href=\"https:\/\/www.arbetaren.se\/2019\/05\/15\/agenda-europe-vill-inskranka-manskliga-rattigheter\/\">https:\/\/www.arbetaren.se\/2019\/05\/15\/agenda-europe-vill-inskranka-manskliga-rattigheter\/<\/a><\/p>\n\n\n\n<p>Det finns sk\u00e4l att anta att Skandinaviska m\u00e4nniskor\u00e4ttsjuristerna f\u00f6rst\u00e5r att l\u00e4get i Sverige \u00e4r sv\u00e5rt f\u00f6r deras \u00e5sikt och att adressera fr\u00e5gan direkt \u00e4r sannolikt ingen framkomlig v\u00e4g. Ist\u00e4llet f\u00f6rs\u00f6ker man skapa prejudikat som skall f\u00f6rsv\u00e5ra f\u00f6r abort. Det \u00e4r i denna strategi man tagit sig an Ellinor Grimmark och Linda Steen, och tagit upp kampen mot aborter genom att skapa v\u00e4gar f\u00f6r barnmorskor som v\u00e4grar aborter av samvetssk\u00e4l. Och man f\u00f6rs\u00f6ker skapa debatt:<\/p>\n\n\n\n<p><a href=\"https:\/\/www.aftonbladet.se\/debatt\/a\/OpmEE1\/nej-samvetsfrihet-hotar-inte-abortratten\">https:\/\/www.aftonbladet.se\/debatt\/a\/OpmEE1\/nej-samvetsfrihet-hotar-inte-abortratten<\/a><\/p>\n\n\n\n<p>Utg\u00e5ngspunkten \u00e4r allts\u00e5 att det st\u00e5r arbetsgivaren fritt att st\u00e4lla krav att dom anst\u00e4llda utf\u00f6r arbetsuppgifterna enligt arbetsbeskrivningen. Det \u00e4r ingen diskriminering att v\u00e4lja bort arbetstagare som v\u00e4grar vissa uppgifter, men det st\u00e5r s\u00e5 klart arbetsgivaren helt fritt att anst\u00e4lla folk som v\u00e4grar vissa uppgifter. Det \u00e4r arbetsgivaren som best\u00e4mmer &#8211; inte arbetstagaren som kan kr\u00e4va. Men med den grundinst\u00e4llningen s\u00e5 skulle ju inte prolifer\u00f6relsen g\u00f6ra ideologiska framsteg s\u00e5 d\u00e4rf\u00f6r tar dom fighten f\u00f6r samvetsfriheten.  S\u00e5 man ger sig inte. Man har tagit Linda Steens fall till Europadomstolen och man bedriver aktiv lobby, bland annat uttryckt i ins\u00e4ndaren i Aftonbladet.<\/p>\n\n\n\n<p>Min egen grunduppfattning \u00e4r en k\u00e4rlek till demokrati och marknadsekonomi. Det \u00e4r processer som kr\u00e4ver fria val f\u00f6r att fungera, och som en konsekvens har jag en fundamental aversion mot sekter, sektism och alla forum f\u00f6r indoktrinerande hj\u00e4rntv\u00e4tt. N\u00e4r denna typ av r\u00f6relser har ekonomiska muskler att f\u00f6rs\u00f6ka p\u00e5verka samh\u00e4llen kryper det i hela kroppen och d\u00e4rf\u00f6r \u00e4r f\u00f6r mig Skandinaviska m\u00e4nniskor\u00e4ttsjuristerna bland det obehagligaste fenomen jag sett. Sakta men s\u00e4kert vill dom riva ner abortr\u00e4tten. Dom vill att vi skall vara grodan i vattnet som inte f\u00f6rst\u00e5r att temperaturen stigen f\u00f6rr\u00e4n det \u00e4r f\u00f6rsent och vi blir kokta. (Det \u00e4r en faktoid, men funkar som bild eftersom det \u00e4r v\u00e4lk\u00e4nd)<\/p>\n\n\n\n<p>N\u00e4r detta \u00e4r fastslaget s\u00e5 tycker jag att man kan ha en sund diskussion om vad som \u00e4r b\u00e4st kring aborter. Jag hamnar sj\u00e4lv i en etiskt sv\u00e5r kamp med mig sj\u00e4lv kring tidsgr\u00e4nserna. Jag kan s\u00e5 klart inte tillr\u00e4ckligt med medicin f\u00f6r att uttala mig om exakta tidsgr\u00e4nser, men n\u00e4r vi r\u00e4ddar foster vid en viss \u00e5lder och n\u00e4r det samtidigt aborteras foster vid samma \u00e5lder s\u00e5 blir det etiskt sv\u00e5rt f\u00f6r mig. F\u00f6r mig f\u00f6refaller det rimligt att inger barn f\u00e5r aborteras som skulle kunna r\u00e4ddas om modern s\u00e5 \u00f6nskade.<\/p>\n\n\n\n<p>S\u00e5 man m\u00e5ste kunna f\u00f6ra en diskussion om detta utan att denna diskussion skall anses vara en inskr\u00e4nkning av abortr\u00e4tten. Denna artikel pekar p\u00e5 lite av det problem jag ocks\u00e5 k\u00e4nner.<\/p>\n\n\n\n<p><a href=\"http:\/\/www.lakartidningen.se\/Opinion\/Debatt\/2019\/04\/Lagstiftningen-for-abort-haller-inte\/\">http:\/\/www.lakartidningen.se\/Opinion\/Debatt\/2019\/04\/Lagstiftningen-for-abort-haller-inte\/<\/a><\/p>\n\n\n\n<p>Enligt den Metroartikel som refereras nedan s\u00e5 utf\u00f6rs 84% av alla aborter f\u00f6re vecka 9. Det betyder att det praktiskt sett blir en otroligt liten andel fall som adresseras om man skulle skapa en s\u00e4kerhetsmarginal mellan nedre gr\u00e4nsen f\u00f6r r\u00e4ddande och den \u00f6vre gr\u00e4nsen f\u00f6r abort.<\/p>\n\n\n\n<p><a href=\"https:\/\/www.metro.se\/nyheter\/aborter-minskar-i-sverige-tonarsaborter-halverade-pa-tio-ar-2dNS6n0B_\">https:\/\/www.metro.se\/nyheter\/aborter-minskar-i-sverige-tonarsaborter-halverade-pa-tio-ar-2dNS6n0B_<\/a><\/p>\n\n\n\n<p>N\u00e5gra Q&amp;A:<\/p>\n\n\n\n<p>Q: Vi har brist p\u00e5 barnmorskor, \u00e4r det inte b\u00e4ttre att man accepterar samvetsfrihet och f\u00e5r fler i arbete?<br>\nA: I praktiken \u00e4r det ganska f\u00e5 vi pratar om, s\u00e5 bristsituationen skulle i v\u00e4ldigt liten utstr\u00e4ckning \u00e4ndras. Det \u00e4r snarare att vi f\u00e5r en snedf\u00f6rdelning att den som inte uppger samvetssk\u00e4l f\u00e5r g\u00f6ra aborterna, vilket v\u00e4l ingen barnmorska anser vara den mest givande delen av arbetet. Det skapar \u00e4nnu st\u00f6rre risk att dom som inte h\u00e4nvisar till samvetsfrihet tr\u00f6ttnar och l\u00e4mnar.<\/p>\n\n\n\n<p>Arbetstagare i butik man inte v\u00e4gra hantera fl\u00e4skk\u00f6tt eller serva folk av utl\u00e4ndsk h\u00e4rkomst. Vissa saker ing\u00e5r i arbetsbeskrivningen. Det \u00e4r bara att tugga i sig.<\/p>\n\n\n\n<p>Om man inte \u00e4r beredd att g\u00f6ra dom arbetsuppgifter som ing\u00e5r i arbetet s\u00e5 \u00e4r det dumt att genomg\u00e5 en utbildning till detta yrke.<\/p>\n\n\n\n<p>Q: Bara den som kan b\u00e4ra ett barn har r\u00e4tt att ha \u00e5sikter i fr\u00e5gan.<br><br>A: Det h\u00e5ller jag inte med om. Alls. Familjer f\u00e5r barn, och b\u00e5da f\u00f6r\u00e4ldrar har ansvar. Och principer kring familjebildning g\u00e4ller ju b\u00e5da och d\u00e4rmed b\u00f6r b\u00e5da (jag r\u00e4knar allts\u00e5 bara antalet k\u00f6n som tv\u00e5) kunna ha \u00e5sikter.<\/p>\n","protected":false},"excerpt":{"rendered":"<p>Abort k\u00e4nns som en fr\u00e5ga d\u00e4r Sverige som land kom fram till en position som d\u00e4rp\u00e5 skulle vara fast f\u00f6rankrad f\u00f6r all framtid. I valet mellan kvinnans r\u00e4tt att v\u00e4lja och det of\u00f6dda fostrets r\u00e4tt att bli f\u00f6dd, s\u00e5 v\u00e4ljer vi mammans r\u00e4tt till val framf\u00f6r cellklumpens, till en punkt d\u00e4r det tippar \u00f6ver och &hellip; <a href=\"http:\/\/berg.to\/blog\/2019\/07\/abortfragan-och-proliferorelsen\/\" class=\"more-link\">Continue reading <span class=\"screen-reader-text\">Abortfr\u00e5gan och Prolifer\u00f6relsen<\/span><\/a><\/p>\n","protected":false},"author":4,"featured_media":0,"comment_status":"open","ping_status":"open","sticky":false,"template":"","format":"standard","meta":{"footnotes":""},"categories":[158,101,1],"tags":[],"class_list":["post-1773","post","type-post","status-publish","format-standard","hentry","category-abortratt","category-juridik","category-uncategorized"],"_links":{"self":[{"href":"http:\/\/berg.to\/blog\/wp-json\/wp\/v2\/posts\/1773","targetHints":{"allow":["GET"]}}],"collection":[{"href":"http:\/\/berg.to\/blog\/wp-json\/wp\/v2\/posts"}],"about":[{"href":"http:\/\/berg.to\/blog\/wp-json\/wp\/v2\/types\/post"}],"author":[{"embeddable":true,"href":"http:\/\/berg.to\/blog\/wp-json\/wp\/v2\/users\/4"}],"replies":[{"embeddable":true,"href":"http:\/\/berg.to\/blog\/wp-json\/wp\/v2\/comments?post=1773"}],"version-history":[{"count":9,"href":"http:\/\/berg.to\/blog\/wp-json\/wp\/v2\/posts\/1773\/revisions"}],"predecessor-version":[{"id":1782,"href":"http:\/\/berg.to\/blog\/wp-json\/wp\/v2\/posts\/1773\/revisions\/1782"}],"wp:attachment":[{"href":"http:\/\/berg.to\/blog\/wp-json\/wp\/v2\/media?parent=1773"}],"wp:term":[{"taxonomy":"category","embeddable":true,"href":"http:\/\/berg.to\/blog\/wp-json\/wp\/v2\/categories?post=1773"},{"taxonomy":"post_tag","embeddable":true,"href":"http:\/\/berg.to\/blog\/wp-json\/wp\/v2\/tags?post=1773"}],"curies":[{"name":"wp","href":"https:\/\/api.w.org\/{rel}","templated":true}]}}