{"id":1783,"date":"2019-09-19T10:27:58","date_gmt":"2019-09-19T08:27:58","guid":{"rendered":"http:\/\/berg.to\/blog\/?p=1783"},"modified":"2019-09-19T10:30:11","modified_gmt":"2019-09-19T08:30:11","slug":"ekonomi-och-drivkrafter","status":"publish","type":"post","link":"http:\/\/berg.to\/blog\/2019\/09\/ekonomi-och-drivkrafter\/","title":{"rendered":"Ekonomi och drivkrafter"},"content":{"rendered":"\n<p>I ett samh\u00e4lle finns det en gemensam ekonomi dit folk bidrar och folk bidras. H\u00e4r t\u00e4nkte jag titta lite mera p\u00e5 detta.<\/p>\n\n\n\n<p>Den som tar emot bidrag tenderar tycka att samh\u00e4llet borde kunna ta sig kostnaden f\u00f6r deras behov. Ordet solidaritet brukar anv\u00e4ndas. <\/p>\n\n\n\n<p>Den som bidrar tenderar tycka att man borde beh\u00f6va bidra mindre. <\/p>\n\n\n\n<p>I verkligheten \u00e4r det s\u00e5 att vi m\u00e5ste fundera p\u00e5 hur man optimerar detta med skatt och n\u00e4r skatt blir kontraproduktiv. Objektivt kan man s\u00e4ga att skatt \u00e4r som en dynamo p\u00e5 ett cykelhjul (innan alla b\u00f6rjade med batteridrivna lampor) &#8211; det \u00e4r en funktion som tar r\u00f6relseenergi fr\u00e5n hjulet och g\u00f6r det tr\u00f6gare att cykla, men d\u00e4r str\u00f6mmen man f\u00e5r \u00e4r v\u00e4rd detta. <\/p>\n\n\n\n<p>Vi har gemensamma kostnader d\u00e4r det \u00e4r kostnadseffektivt att hantera dom p\u00e5 samh\u00e4llsniv\u00e5, till exempel f\u00f6rsvar och infrastruktur (i f\u00f6rsta hand v\u00e4gar och j\u00e4rnv\u00e4gar). Att v\u00e5rd, skola och omsorg ocks\u00e5 finns i denna dimension \u00e4r klart rimligt f\u00f6r att s\u00e4kra att ingen riskerar falla ur systemet. F\u00f6r detta beh\u00f6ver man ta in skatt.<\/p>\n\n\n\n<p>Det jag tycker man b\u00f6r ha med sig \u00e4r att skatt \u00e4r skadlig. Skatt minskar incitamentet att arbeta, att utbilda sig och att investera. Om det inte l\u00f6nar sig att investera i en fem\u00e5rig h\u00f6gskoleutbildning s\u00e5 kommer f\u00e4rre att g\u00f6ra det, och d\u00e5 tappar Sverige internationell konkurrenskraft. D\u00e4rf\u00f6r m\u00e5ste vi s\u00e4kra att skattesystemet inte skr\u00e4mmer bort folk fr\u00e5n att g\u00f6ra denna investering i sig sj\u00e4lv. Men eftersom vi beh\u00f6ver skatt f\u00f6r att betala dom gemensamma kostnaderna s\u00e5 m\u00e5ste slutsatsen vara att varje krona som tas in i skatt v\u00e5rdas och anv\u00e4nds eftert\u00e4nksamt. Och varje krona vi kan l\u00e5ta bli att ta in i skatt, inte heller skall tas in.<\/p>\n\n\n\n<p><strong>Allts\u00e5; samh\u00e4llet har inte r\u00e4tt till den skatt man maximalt kan ta in. Samh\u00e4llet skall bara ta in precis den skatt man beh\u00f6ver, och man skall inte skapa behov som faktiskt inte efterfr\u00e5gas. Och man skall se till att sk\u00f6ta dom behov skatten h\u00e4mtas in f\u00f6r att t\u00e4cka. Som saker ser ut idag s\u00e5 \u00e4r det m\u00e5nga basala funktioner som fungerar s\u00e4mre \u00e4n man kan kr\u00e4va och skatten skadligt h\u00f6r f\u00f6r att t\u00e4cka en massa saker som faktiskt inte b\u00f6r g\u00f6ras.<\/strong><\/p>\n","protected":false},"excerpt":{"rendered":"<p>I ett samh\u00e4lle finns det en gemensam ekonomi dit folk bidrar och folk bidras. H\u00e4r t\u00e4nkte jag titta lite mera p\u00e5 detta. Den som tar emot bidrag tenderar tycka att samh\u00e4llet borde kunna ta sig kostnaden f\u00f6r deras behov. Ordet solidaritet brukar anv\u00e4ndas. Den som bidrar tenderar tycka att man borde beh\u00f6va bidra mindre. I &hellip; <a href=\"http:\/\/berg.to\/blog\/2019\/09\/ekonomi-och-drivkrafter\/\" class=\"more-link\">Continue reading <span class=\"screen-reader-text\">Ekonomi och drivkrafter<\/span><\/a><\/p>\n","protected":false},"author":4,"featured_media":0,"comment_status":"open","ping_status":"open","sticky":false,"template":"","format":"standard","meta":{"footnotes":""},"categories":[96,157,3],"tags":[],"class_list":["post-1783","post","type-post","status-publish","format-standard","hentry","category-bidrag","category-nationalekonomi","category-politik"],"_links":{"self":[{"href":"http:\/\/berg.to\/blog\/wp-json\/wp\/v2\/posts\/1783","targetHints":{"allow":["GET"]}}],"collection":[{"href":"http:\/\/berg.to\/blog\/wp-json\/wp\/v2\/posts"}],"about":[{"href":"http:\/\/berg.to\/blog\/wp-json\/wp\/v2\/types\/post"}],"author":[{"embeddable":true,"href":"http:\/\/berg.to\/blog\/wp-json\/wp\/v2\/users\/4"}],"replies":[{"embeddable":true,"href":"http:\/\/berg.to\/blog\/wp-json\/wp\/v2\/comments?post=1783"}],"version-history":[{"count":2,"href":"http:\/\/berg.to\/blog\/wp-json\/wp\/v2\/posts\/1783\/revisions"}],"predecessor-version":[{"id":1785,"href":"http:\/\/berg.to\/blog\/wp-json\/wp\/v2\/posts\/1783\/revisions\/1785"}],"wp:attachment":[{"href":"http:\/\/berg.to\/blog\/wp-json\/wp\/v2\/media?parent=1783"}],"wp:term":[{"taxonomy":"category","embeddable":true,"href":"http:\/\/berg.to\/blog\/wp-json\/wp\/v2\/categories?post=1783"},{"taxonomy":"post_tag","embeddable":true,"href":"http:\/\/berg.to\/blog\/wp-json\/wp\/v2\/tags?post=1783"}],"curies":[{"name":"wp","href":"https:\/\/api.w.org\/{rel}","templated":true}]}}