{"id":1944,"date":"2021-01-21T15:17:57","date_gmt":"2021-01-21T13:17:57","guid":{"rendered":"http:\/\/berg.to\/blog\/?p=1944"},"modified":"2024-11-13T22:21:14","modified_gmt":"2024-11-13T20:21:14","slug":"covid-en-sammafattning","status":"publish","type":"post","link":"http:\/\/berg.to\/blog\/2021\/01\/covid-en-sammafattning\/","title":{"rendered":"Covid &#8211; en sammanfattning"},"content":{"rendered":"\n<p>Som en kommentar p\u00e5 Henrik J\u00f6nssons video om &#8220;<a href=\"https:\/\/www.youtube.com\/watch?v=Qm5K8oyeBVM&amp;fbclid=IwAR2TsgVueg_lu0PjJ4KjmuuM7na5BjF-lses93obpxNLNC8PDcRThgKGu9k\">Andra v\u00e5gen<\/a>&#8220;.<\/p>\n\n\n\n<p>Det \u00e4r l\u00e4tt att titta p\u00e5 utfall nu och peka finger bak\u00e5t. Den som fattar beslut g\u00f6r det efter b\u00e4sta f\u00f6rm\u00e5ga med den d\u00e5 tillg\u00e4ngliga datan. Att prognostisera \u00e4r bland det sv\u00e5raste man kan \u00e4gna sig \u00e5t och att hitta exempel i historiken vi kan skratta \u00e5t idag \u00e4r knappast sv\u00e5rfunna. Med den data som fanns &#8211; fanns det d\u00e5 anledning att fatta ett annat beslut?<\/p>\n\n\n\n<ul class=\"wp-block-list\"><li>Viruset har betett sig annorlunda \u00e4n liknande virus och d\u00e4rmed har ett antal grundantaganden i kalkylerna faktiskt blivit fel. Ingen kan ifr\u00e5gas\u00e4tta Tom Brittons matematiska kompetens, och hans kalkyler bygger p\u00e5 tidigare tidigare erfarenheter och kunskap. Men han och alla andra som r\u00e4knat har haft fel. Magnituder fel. <br><br>Vi kan d\u00e5 fr\u00e5ga oss: kunde n\u00e5gon annan r\u00e4kna b\u00e4ttre? Och d\u00e5 menar jag inte att man r\u00e5kade gissa r\u00e4tt &#8211; folk vinner p\u00e5 Lotto ocks\u00e5 &#8211; utan hade n\u00e5gon en kalkylmodell som p\u00e5 ett b\u00e4ttre s\u00e4tt f\u00e5ngade verkligheten? Om inte s\u00e5 \u00e4r det bara ohederligt att h\u00e4nga den b\u00e4st l\u00e4mpade \u00e4ven om resultatet inte verkade st\u00e4mma.<\/li><\/ul>\n\n\n\n<ul class=\"wp-block-list\"><li>Det offentliga Sverige har en f\u00f6rvaltningsmodell som bygger p\u00e5 sj\u00e4lvst\u00e4ndiga myndigheter och ett delat ansvar mellan stat, regioner och kommuner. Det \u00c4R regionernas ansvar att sk\u00f6ta sjukv\u00e5rden. Det \u00e4r \u00c4R regionernas ansvar att genomf\u00f6ra testning. S\u00e5 n\u00e4r FoHM s\u00e4ger att vi skall sluta testa brett s\u00e5 var det BARA ett uttryck f\u00f6r att kapaciteten bara r\u00e4ckte till dom prioriterade grupperna.  Vi hade inte till hela behovet &#8211; d\u00e5 pekar man ut det behovet som \u00e4r viktigast.<br><br>Den som \u00e4r sjuk SKALL vara hemma och isolera sig. Ingen med en IQ \u00f6ver en fiskm\u00e5s kan ha missat detta. N\u00e4r man ligger hemma \u00e4r det bra att veta om man \u00e4r sjuk i Covid eller n\u00e5got annat, men om antalet tester \u00e4r begr\u00e4nsade s\u00e5 \u00e4r det viktigare att den distinktionen g\u00f6rs mellan patienter p\u00e5 sjukhus \u00e4n f\u00f6r folk som \u00e4r tillr\u00e4ckligt friska f\u00f6r att kunna tillfriskna hemma. Den som \u00e4r hemma f\u00e5r helt enkelt bete sig som om man hade Covid f\u00f6r att vara p\u00e5 den s\u00e4kra sidan.<br><br>Regionerna kan absolut inte skylla ifr\u00e5n sig p\u00e5 att testkapaciteten inte steg snabbare tidigare. Men gjorde ett fantastiskt jobb med att skala upp IVA kapacitet. Men man gjorde ett bedr\u00f6vligt jobb med att skala upp test-och smittsp\u00e5rningskapacitet.<\/li><\/ul>\n\n\n\n<ul class=\"wp-block-list\"><li>Efter m\u00e5nader med god testkapacitet, minimal smittspridning och d\u00f6dlighet som \u00e4r n\u00e4ra noll s\u00e5 \u00e4r det rimligt att b\u00f6rja l\u00e4tta p\u00e5 restriktioner. \u00c5tg\u00e4rder har man haft f\u00f6r att soppa smittan, och har man ingen smitta s\u00e5 \u00e4r ju vidh\u00e5llande av restriktioner en besynnerlig st\u00e5ndpunkt. Det kan tyckas parodiskt att detta sker i samband med att smittspridningen b\u00f6rjar ta fart igen, men s\u00e5 r\u00e5kade det bli. Och man fick backa.<br><br>Hur skulle man annars gjort? Inte n\u00e5gonsin ta bort restriktioner? Eller vidh\u00e5lla att man skall lyfta restriktioner trots smittan accelererar.<\/li><\/ul>\n\n\n\n<ul class=\"wp-block-list\"><li>Och att j\u00e4mf\u00f6ra med Norge och Finland \u00e4r &#8220;cherry picking&#8221;. <br>&#8211; Det \u00e4r tv\u00e5 l\u00e4nder med exceptionellt l\u00e5g befolkningst\u00e4thet. Tv\u00e5 l\u00e4nder d\u00e4r viruset har som allra sv\u00e5rast att sprida sig.<br>&#8211; En viktig v\u00e4g f\u00f6r smittan att etablera sig var alpturismen &#8211; en sorts turism som inte alls \u00e4r lika utbredd i Norge och i Finland som i Sverige. Norrm\u00e4n spenderar en mycket st\u00f6rre del av sin vintersemester inom Norge. P\u00e5 tur och i sin hytte. Finnas g\u00f6r det samma fast i sin m\u00f6kki.<\/li><\/ul>\n\n\n\n<ul class=\"wp-block-list\"><li>Att svensk \u00e4ldrev\u00e5rd \u00e4r avskalad och bemannad av folk med l\u00e5g utbildning, som utf\u00f6rarna knutit till sig i l\u00f6sa anst\u00e4llningsformer, \u00e4r ett k\u00e4nt faktum. D\u00f6dligheten h\u00e4r var allts\u00e5 en konsekvens som inte n\u00e5gra \u00e5tg\u00e4rder alls skulle kunnat f\u00f6rhindra. Detta f\u00f6rklarar hela skillnaden mot Danmark.<\/li><\/ul>\n\n\n\n<h2 class=\"wp-block-heading\">Vad kunde gjorts b\u00e4ttre? <\/h2>\n\n\n\n<ul class=\"wp-block-list\"><li>En \u00e4ldrev\u00e5rd som hanterats p\u00e5 ett s\u00e4tt som gjort den motst\u00e5ndskraftigare mot pandemin. (Hallengren \u00e4r ansvarig NU, men n\u00e5gonstans m\u00e5ste man \u00e4nd\u00e5 i grunden skylla p\u00e5 Folkpartiets gamla hj\u00e4rtefr\u00e5ga &#8211; \u00c4DEL reformen. Det var d\u00e4r det b\u00f6rjade g\u00e5 fel). Detta hade sparat liv.<\/li><\/ul>\n\n\n\n<ul class=\"wp-block-list\"><li>Lager av skyddsmateriel. Osannolikt att vi hade kunnat ha tillr\u00e4ckligt f\u00f6r att det skulle varit av en avg\u00f6rande skillnad, men lite b\u00e4ttre kanske. Detta hade varit p\u00e5 marginalen.<br><\/li><li> En l\u00e5ngt st\u00f6rre testkapacitet tidigt och d\u00e4rtill ansluten smittsp\u00e5rningskapacitet.<\/li><\/ul>\n\n\n\n<h2 class=\"wp-block-heading\">=&gt; Vi lagade efter l\u00e4ge<\/h2>\n\n\n\n<ul class=\"wp-block-list\"><li>vi anv\u00e4nde den testkapacitet vi hade d\u00e4r den beh\u00f6vdes som mest. Att s\u00e4ga att vi bara skall testa en viss grupp var f\u00f6r att det var detta vi kunde g\u00f6ra &#8211; inte f\u00f6r att n\u00e5gon ans\u00e5g att det vore d\u00e5ligt att testa mer<\/li><\/ul>\n\n\n\n<ul class=\"wp-block-list\"><li>vi anv\u00e4nde den skyddsutrustning vi hade d\u00e4r den beh\u00f6vdes som mest. Ingen tyckte att det var on\u00f6digt att grupper med l\u00e4gre risk skyddades &#8211; bara att det det inte r\u00e4ckte till alla som m\u00f6jligen skulle vilja ha<\/li><\/ul>\n\n\n\n<p>Man f\u00e5r g\u00e4rna visa vilka \u00e5tg\u00e4rder man f\u00f6rordar hade utgjort en avg\u00f6rande skillnad i spridingstakt och mortalitet som inte gjordes. Att bara j\u00e4mf\u00f6ra med Finland och Norge, och dra slutsatsen att skillnaden beror p\u00e5 n\u00e5got dom gjort (eller inte gjort) utan att kunna peka p\u00e5 detta och helt bortse fr\u00e5n alla milj\u00f6variabler \u00e4r generande obeg\u00e5vat.<\/p>\n","protected":false},"excerpt":{"rendered":"<p>Som en kommentar p\u00e5 Henrik J\u00f6nssons video om &#8220;Andra v\u00e5gen&#8220;. Det \u00e4r l\u00e4tt att titta p\u00e5 utfall nu och peka finger bak\u00e5t. Den som fattar beslut g\u00f6r det efter b\u00e4sta f\u00f6rm\u00e5ga med den d\u00e5 tillg\u00e4ngliga datan. Att prognostisera \u00e4r bland det sv\u00e5raste man kan \u00e4gna sig \u00e5t och att hitta exempel i historiken vi kan &hellip; <a href=\"http:\/\/berg.to\/blog\/2021\/01\/covid-en-sammafattning\/\" class=\"more-link\">Continue reading <span class=\"screen-reader-text\">Covid &#8211; en sammanfattning<\/span><\/a><\/p>\n","protected":false},"author":4,"featured_media":1949,"comment_status":"open","ping_status":"open","sticky":false,"template":"","format":"standard","meta":{"footnotes":""},"categories":[160,3,1],"tags":[],"class_list":["post-1944","post","type-post","status-publish","format-standard","has-post-thumbnail","hentry","category-corona","category-politik","category-uncategorized"],"_links":{"self":[{"href":"http:\/\/berg.to\/blog\/wp-json\/wp\/v2\/posts\/1944","targetHints":{"allow":["GET"]}}],"collection":[{"href":"http:\/\/berg.to\/blog\/wp-json\/wp\/v2\/posts"}],"about":[{"href":"http:\/\/berg.to\/blog\/wp-json\/wp\/v2\/types\/post"}],"author":[{"embeddable":true,"href":"http:\/\/berg.to\/blog\/wp-json\/wp\/v2\/users\/4"}],"replies":[{"embeddable":true,"href":"http:\/\/berg.to\/blog\/wp-json\/wp\/v2\/comments?post=1944"}],"version-history":[{"count":10,"href":"http:\/\/berg.to\/blog\/wp-json\/wp\/v2\/posts\/1944\/revisions"}],"predecessor-version":[{"id":2178,"href":"http:\/\/berg.to\/blog\/wp-json\/wp\/v2\/posts\/1944\/revisions\/2178"}],"wp:featuredmedia":[{"embeddable":true,"href":"http:\/\/berg.to\/blog\/wp-json\/wp\/v2\/media\/1949"}],"wp:attachment":[{"href":"http:\/\/berg.to\/blog\/wp-json\/wp\/v2\/media?parent=1944"}],"wp:term":[{"taxonomy":"category","embeddable":true,"href":"http:\/\/berg.to\/blog\/wp-json\/wp\/v2\/categories?post=1944"},{"taxonomy":"post_tag","embeddable":true,"href":"http:\/\/berg.to\/blog\/wp-json\/wp\/v2\/tags?post=1944"}],"curies":[{"name":"wp","href":"https:\/\/api.w.org\/{rel}","templated":true}]}}