{"id":248,"date":"2010-10-10T20:08:08","date_gmt":"2010-10-10T18:08:08","guid":{"rendered":"http:\/\/berg.to\/blog\/?p=248"},"modified":"2010-10-11T22:01:05","modified_gmt":"2010-10-11T20:01:05","slug":"varfor-jag-aldrig-skulle-betala-for-en-appleprodukt","status":"publish","type":"post","link":"http:\/\/berg.to\/blog\/2010\/10\/varfor-jag-aldrig-skulle-betala-for-en-appleprodukt\/","title":{"rendered":"Varf\u00f6r jag ALDRIG skulle betala f\u00f6r en produkt fr\u00e5n Apple"},"content":{"rendered":"<p>Som konsument \u00e4r det ens ansvar att anv\u00e4nda pengarna f\u00f6r att f\u00e5 god valuta f\u00f6r dem, men man har ocks\u00e5 ett ansvar att se till att inte st\u00f6dja produkter om man d\u00e4rmed bryter mot principer man har. Som konsument \u00e4r det din f\u00f6rbannade skyldighet att r\u00f6sta med f\u00f6tterna. Produkter som inte k\u00f6ps kommer att f\u00f6r\u00e4ndras eller f\u00f6rsvinna. Till exempel k\u00f6per vi inte produkter om de tillverkats av barn, vi f\u00f6rs\u00f6ker undvika det som \u00e4r milj\u00f6skadligt och s\u00e5 vidare.<\/p>\n<p>Ett av mina drivkrafter \u00e4r en \u00f6vertygelse att konkurrens \u00e4r bra f\u00f6r marknader och d\u00e4r det inte \u00e4r on\u00f6digt betungande k\u00f6per jag hellre &#8220;challenger&#8221; produkten \u00e4n den etablerade marknadsledaren. Nu kan man peka p\u00e5 att jag k\u00f6r Windows och anv\u00e4nder Microsoft Office, men h\u00e4r h\u00e4nvisar jag till att alternativet \u00e4r &#8220;on\u00f6digt betungande&#8221;.<\/p>\n<p>Jag har den djupaste respekt f\u00f6r Apple i ett antal avseenden; man tillverkar produkter som ser bra ut, fungerar riktigt bra var f\u00f6r sig och dessutom tillsamman, de levereras n\u00e4r man lovat och tar ofta tekniken ett steg l\u00e4ngre. Det \u00e4r d\u00e4rmed ocks\u00e5 rimligt att dom kostar mer \u00e4n alternativen. Hur dom g\u00f6r f\u00f6r att skapa lojala horder av anh\u00e4ngare som k\u00f6ar i sovs\u00e4ck f\u00f6r nya modeller \u00e4r obegripligt, men s\u00e5 klart beundransv\u00e4rt. Ingen har k\u00f6at f\u00f6r en SonyEricsson eller Samsung telefon, eller en ny b\u00e4rbar dator fr\u00e5n Toshiba eller Lenovo.<\/p>\n<p>MEN, Apple \u00e4r det konkurrensvidrigaste f\u00f6retag jag st\u00f6tt p\u00e5, vilket ocks\u00e5 omfattar Microsoft.<a href=\"..\/wp-content\/uploads\/2010\/10\/oversikt_iphone4_svart.jpg\"><img loading=\"lazy\" decoding=\"async\" class=\"alignright size-full wp-image-249\" title=\"oversikt_iphone4_svart\" src=\"..\/wp-content\/uploads\/2010\/10\/oversikt_iphone4_svart.jpg\" alt=\"\" width=\"308\" height=\"265\" srcset=\"http:\/\/berg.to\/blog\/wp-content\/uploads\/2010\/10\/oversikt_iphone4_svart.jpg 360w, http:\/\/berg.to\/blog\/wp-content\/uploads\/2010\/10\/oversikt_iphone4_svart-300x258.jpg 300w\" sizes=\"auto, (max-width: 308px) 100vw, 308px\" \/><\/a><\/p>\n<p>F\u00f6r att anv\u00e4nda en telefon fr\u00e5n Apple m\u00e5ste man installera iTunes p\u00e5 sin dator. Jag vill inte ha iTunes av m\u00e5nga sk\u00e4l;<\/p>\n<ul>\n<li>iTunes tar \u00f6ver associationer till multimediafiler.<\/li>\n<li>iTunes kommer ihopkletat med Safari och QuickTime. Jag kan f\u00f6rvisso v\u00e4lja bort Safari, men jag m\u00e5ste aktivt v\u00e4lja bort n\u00e5got jag inte bett om att f\u00e5 fr\u00e5n f\u00f6rsta b\u00f6rjan.<\/li>\n<li>N\u00e4r iTunes uppdateras s\u00e5 &#8220;uppdateras&#8221; ocks\u00e5 Safari &#8211; \u00e4ven om jag inte installerat det fr\u00e5n f\u00f6rsta b\u00f6rjan.<\/li>\n<li>Om man inte h\u00e5ller r\u00e4tt p\u00e5 saker och ting s\u00e5 vill iTunes strukturera filerna p\u00e5 sitt s\u00e4tt &#8211; inte det jag sj\u00e4lv valt.<\/li>\n<\/ul>\n<p>F\u00f6r att anv\u00e4nda tredjeparts applikationer p\u00e5 sin iPhone\/iPad s\u00e5 m\u00e5ste man handla dem via Apple. Det f\u00e5r en massa konsekvenser Bara applikationer fr\u00e5n AppStore finns tillg\u00e4ngliga.<\/p>\n<ul>\n<li>Om jag vill installera en applikation p\u00e5 min telefon som inte skall finnas tillg\u00e4nglig f\u00f6r hela v\u00e4rlden s\u00e5 g\u00e5r inte det. F\u00f6retag som har interna applikationer kan allts\u00e5 inte v\u00e4lja en iPhone.<\/li>\n<li>Om jag vill installera en applikation som Apple inte godk\u00e4nt s\u00e5 g\u00e5r inte de. Som Apple anv\u00e4ndare \u00e4r man utl\u00e4mnad till Applikationer som kommit igenom en amerikansk censur. Jag \u00e4r vuxen &#8211; jag vill och tycker mig kunna v\u00e4lja sj\u00e4lv<\/li>\n<\/ul>\n<p>Som l\u00f6k p\u00e5 laxen har Apple dessutom kvoterat sina leveranser. Bara operat\u00f6rer som g\u00e5r med p\u00e5 en stack av hemliga villkor har f\u00e5tt s\u00e4lja mobilerna.<\/p>\n<p>Dessutom; alla typer av l\u00e4ckage fr\u00e5n hemlighetsmakeriet inneb\u00e4r att man st\u00e4mmer skiten ur k\u00e4llan, p\u00e5 ett s\u00e4tt som m\u00e5nga g\u00e5nger \u00e4r helt oproportionellt i f\u00f6rh\u00e5llande till den skada dom rimligen kan lidit.<\/p>\n<p>Sammanfattningsvis kan s\u00e4gas att Apple \u00e4r ett f\u00f6retag med produkter jag skulle vilja ha, men med en aff\u00e4rsmoral som g\u00f6r att jag inte med hedern i beh\u00e5ll kan k\u00f6pa deras produkter. Det finns gott om er d\u00e4r ute som medvetet k\u00f6per produkter som \u00e4r gravt milj\u00f6farliga, \u00e4r tillverkade av barn, \u00e4r tillverkade av f\u00f6retag som behandlar sin arbetskraft riktigt d\u00e5ligt och s\u00e5 vidare. jag f\u00f6rs\u00f6ker undvika det. Jag erk\u00e4nner g\u00e4rna att hade Apples produkter varit etiskt f\u00f6rsvarbara s\u00e5 hade jag ocks\u00e5 kunnat ligga d\u00e4r i en sovs\u00e4ck och k\u00f6a. jag \u00e4r ett stort fan av Apples produkter men jag skulle aldrig k\u00f6pa en produkt fr\u00e5n Apple, om det nu \u00e4r begripligt.<\/p>\n","protected":false},"excerpt":{"rendered":"<p>Som konsument \u00e4r det ens ansvar att anv\u00e4nda pengarna f\u00f6r att f\u00e5 god valuta f\u00f6r dem, men man har ocks\u00e5 ett ansvar att se till att inte st\u00f6dja produkter om man d\u00e4rmed bryter mot principer man har. Som konsument \u00e4r det din f\u00f6rbannade skyldighet att r\u00f6sta med f\u00f6tterna. Produkter som inte k\u00f6ps kommer att f\u00f6r\u00e4ndras &hellip; <a href=\"http:\/\/berg.to\/blog\/2010\/10\/varfor-jag-aldrig-skulle-betala-for-en-appleprodukt\/\" class=\"more-link\">Continue reading <span class=\"screen-reader-text\">Varf\u00f6r jag ALDRIG skulle betala f\u00f6r en produkt fr\u00e5n Apple<\/span><\/a><\/p>\n","protected":false},"author":4,"featured_media":0,"comment_status":"open","ping_status":"open","sticky":false,"template":"","format":"standard","meta":{"footnotes":""},"categories":[8,98,79],"tags":[100,99,65],"class_list":["post-248","post","type-post","status-publish","format-standard","hentry","category-censur","category-iphone-telekom","category-telekom","tag-anit-competetive","tag-apple","tag-iphone"],"_links":{"self":[{"href":"http:\/\/berg.to\/blog\/wp-json\/wp\/v2\/posts\/248","targetHints":{"allow":["GET"]}}],"collection":[{"href":"http:\/\/berg.to\/blog\/wp-json\/wp\/v2\/posts"}],"about":[{"href":"http:\/\/berg.to\/blog\/wp-json\/wp\/v2\/types\/post"}],"author":[{"embeddable":true,"href":"http:\/\/berg.to\/blog\/wp-json\/wp\/v2\/users\/4"}],"replies":[{"embeddable":true,"href":"http:\/\/berg.to\/blog\/wp-json\/wp\/v2\/comments?post=248"}],"version-history":[{"count":5,"href":"http:\/\/berg.to\/blog\/wp-json\/wp\/v2\/posts\/248\/revisions"}],"predecessor-version":[{"id":253,"href":"http:\/\/berg.to\/blog\/wp-json\/wp\/v2\/posts\/248\/revisions\/253"}],"wp:attachment":[{"href":"http:\/\/berg.to\/blog\/wp-json\/wp\/v2\/media?parent=248"}],"wp:term":[{"taxonomy":"category","embeddable":true,"href":"http:\/\/berg.to\/blog\/wp-json\/wp\/v2\/categories?post=248"},{"taxonomy":"post_tag","embeddable":true,"href":"http:\/\/berg.to\/blog\/wp-json\/wp\/v2\/tags?post=248"}],"curies":[{"name":"wp","href":"https:\/\/api.w.org\/{rel}","templated":true}]}}