{"id":683,"date":"2014-02-07T15:27:49","date_gmt":"2014-02-07T13:27:49","guid":{"rendered":"http:\/\/berg.to\/blog\/?p=683"},"modified":"2014-02-07T15:27:49","modified_gmt":"2014-02-07T13:27:49","slug":"korruption-inom-eu","status":"publish","type":"post","link":"http:\/\/berg.to\/blog\/2014\/02\/korruption-inom-eu\/","title":{"rendered":"Korruption inom EU."},"content":{"rendered":"<p>F\u00f6r tv\u00e5 \u00e5r sedan lovade Cecilia Malmstr\u00f6m och EU-kommissionen att utreda korruptionen i b\u00e5de enskilda EU-l\u00e4nder och inom EU-apparaten sj\u00e4lv.<br \/>\nn\u00e5gra dagar innan rapporten sl\u00e4pptes i g\u00e5r meddelades det i Bryssel att den senare delen av l\u00f6ftet &#8211; redovisning av \u00a0maktmissbruk och korruption inom EU-institutionerna &#8211; inte skulle ges ut. Ett besynnerligt beslut.<\/p>\n<p>SvD:s artikel om detta hittar du p\u00e5 f\u00f6ljande l\u00e4nk:\u00a0http:\/\/www.svd.se\/nyheter\/utrikes\/underligt-agerat-av-eu_8956470.svd<\/p>\n<p>I \u00f6vrigt blir man ju lite bekymrad \u00f6ver att man inte kan redovisa de egna oegentligheterna utan bara se bj\u00e4lken i grannens \u00f6gon. Kan det m\u00f6jligen ha n\u00e5got med det f\u00f6rest\u00e5ende EU-valet att g\u00f6ra?<\/p>\n","protected":false},"excerpt":{"rendered":"<p>F\u00f6r tv\u00e5 \u00e5r sedan lovade Cecilia Malmstr\u00f6m och EU-kommissionen att utreda korruptionen i b\u00e5de enskilda EU-l\u00e4nder och inom EU-apparaten sj\u00e4lv. n\u00e5gra dagar innan rapporten sl\u00e4pptes i g\u00e5r meddelades det i Bryssel att den senare delen av l\u00f6ftet &#8211; redovisning av \u00a0maktmissbruk och korruption inom EU-institutionerna &#8211; inte skulle ges ut. Ett besynnerligt beslut. SvD:s artikel &hellip; <a href=\"http:\/\/berg.to\/blog\/2014\/02\/korruption-inom-eu\/\" class=\"more-link\">Continue reading <span class=\"screen-reader-text\">Korruption inom EU.<\/span><\/a><\/p>\n","protected":false},"author":2,"featured_media":0,"comment_status":"open","ping_status":"open","sticky":false,"template":"","format":"standard","meta":{"footnotes":""},"categories":[138],"tags":[13,142],"class_list":["post-683","post","type-post","status-publish","format-standard","hentry","category-eurosamarbetet","tag-eu","tag-korruption"],"_links":{"self":[{"href":"http:\/\/berg.to\/blog\/wp-json\/wp\/v2\/posts\/683","targetHints":{"allow":["GET"]}}],"collection":[{"href":"http:\/\/berg.to\/blog\/wp-json\/wp\/v2\/posts"}],"about":[{"href":"http:\/\/berg.to\/blog\/wp-json\/wp\/v2\/types\/post"}],"author":[{"embeddable":true,"href":"http:\/\/berg.to\/blog\/wp-json\/wp\/v2\/users\/2"}],"replies":[{"embeddable":true,"href":"http:\/\/berg.to\/blog\/wp-json\/wp\/v2\/comments?post=683"}],"version-history":[{"count":1,"href":"http:\/\/berg.to\/blog\/wp-json\/wp\/v2\/posts\/683\/revisions"}],"predecessor-version":[{"id":684,"href":"http:\/\/berg.to\/blog\/wp-json\/wp\/v2\/posts\/683\/revisions\/684"}],"wp:attachment":[{"href":"http:\/\/berg.to\/blog\/wp-json\/wp\/v2\/media?parent=683"}],"wp:term":[{"taxonomy":"category","embeddable":true,"href":"http:\/\/berg.to\/blog\/wp-json\/wp\/v2\/categories?post=683"},{"taxonomy":"post_tag","embeddable":true,"href":"http:\/\/berg.to\/blog\/wp-json\/wp\/v2\/tags?post=683"}],"curies":[{"name":"wp","href":"https:\/\/api.w.org\/{rel}","templated":true}]}}