{"id":744,"date":"2017-11-02T16:50:23","date_gmt":"2017-11-02T14:50:23","guid":{"rendered":"http:\/\/berg.to\/blog\/?p=744"},"modified":"2017-11-02T16:50:23","modified_gmt":"2017-11-02T14:50:23","slug":"krankt","status":"publish","type":"post","link":"http:\/\/berg.to\/blog\/2017\/11\/krankt\/","title":{"rendered":"Kr\u00e4nkt"},"content":{"rendered":"<p>Jag har tidigare varit inne p\u00e5 \u00e4mnet att folks \u00f6nskan att hitta sina &#8220;15 minutes of fame&#8221;, allts\u00e5 plats i rampljuset, tar st\u00e4ndigt nya former. V\u00e4gen dit var f\u00f6rr att bli hj\u00e4lte p\u00e5 ett eller annat s\u00e4tt skapa ett s\u00e4tt att vinna uppskattning. Det d\u00e4r har efter hand glidit \u00f6ver mer och mer till att folk f\u00f6rs\u00f6ker bli offer eller kr\u00e4nkta (och h\u00e4r finns s\u00e4kert anledning att f\u00f6rdjupa resonemanget mot bakgrund av #Metoo men det f\u00e5r bli en separat text). Numera \u00e4r ombudskr\u00e4nkning ocks\u00e5 en legitim v\u00e4g in i medierna. Man \u00e4r inte kr\u00e4nkt sj\u00e4lv, men upplever att n\u00e5gon kr\u00e4nker n\u00e5gon annan d\u00e4r ombudet kliver in och g\u00f6r v\u00e4rlden uppm\u00e4rksam p\u00e5 kr\u00e4nkningen som den kr\u00e4nkta sj\u00e4lv inte uppfattar eller bryr sig om.<\/p>\n<p>Kan vi ta detta mot bakgrund av busschauff\u00f6ren som visar porrfilm f\u00f6r mellanstadiebarn? Barnen har s\u00e5 klart &#8220;m\u00e5tt d\u00e5ligt&#8221; (ett uttryck som figurerar ofta i sammanhang d\u00e4r det gn\u00e4lls f\u00f6r att vinna medieutrymme och medlidande). Nu visar det sig att ett barn har satta p\u00e5 en film, och att denna film var en romantisk komedi. Kan vi g\u00e5 tillbaka till barnen som &#8220;m\u00e5tt d\u00e5ligt&#8221; nu. Vem \u00e4r det som identifierat barnens k\u00e4nsloyttring och gjort sig till tolk f\u00f6r den? Det finns nog minst n\u00e5gra vuxna som har sk\u00e4l att sk\u00e4mmas \u00f6ver sin reaktion.<\/p>\n<p>https:\/\/www.svd.se\/porrfilm-pa-skolbuss-var-romantisk-komedi<\/p>\n","protected":false},"excerpt":{"rendered":"<p>Jag har tidigare varit inne p\u00e5 \u00e4mnet att folks \u00f6nskan att hitta sina &#8220;15 minutes of fame&#8221;, allts\u00e5 plats i rampljuset, tar st\u00e4ndigt nya former. V\u00e4gen dit var f\u00f6rr att bli hj\u00e4lte p\u00e5 ett eller annat s\u00e4tt skapa ett s\u00e4tt att vinna uppskattning. Det d\u00e4r har efter hand glidit \u00f6ver mer och mer till att &hellip; <a href=\"http:\/\/berg.to\/blog\/2017\/11\/krankt\/\" class=\"more-link\">Continue reading <span class=\"screen-reader-text\">Kr\u00e4nkt<\/span><\/a><\/p>\n","protected":false},"author":4,"featured_media":0,"comment_status":"open","ping_status":"open","sticky":false,"template":"","format":"standard","meta":{"footnotes":""},"categories":[1],"tags":[],"class_list":["post-744","post","type-post","status-publish","format-standard","hentry","category-uncategorized"],"_links":{"self":[{"href":"http:\/\/berg.to\/blog\/wp-json\/wp\/v2\/posts\/744","targetHints":{"allow":["GET"]}}],"collection":[{"href":"http:\/\/berg.to\/blog\/wp-json\/wp\/v2\/posts"}],"about":[{"href":"http:\/\/berg.to\/blog\/wp-json\/wp\/v2\/types\/post"}],"author":[{"embeddable":true,"href":"http:\/\/berg.to\/blog\/wp-json\/wp\/v2\/users\/4"}],"replies":[{"embeddable":true,"href":"http:\/\/berg.to\/blog\/wp-json\/wp\/v2\/comments?post=744"}],"version-history":[{"count":1,"href":"http:\/\/berg.to\/blog\/wp-json\/wp\/v2\/posts\/744\/revisions"}],"predecessor-version":[{"id":745,"href":"http:\/\/berg.to\/blog\/wp-json\/wp\/v2\/posts\/744\/revisions\/745"}],"wp:attachment":[{"href":"http:\/\/berg.to\/blog\/wp-json\/wp\/v2\/media?parent=744"}],"wp:term":[{"taxonomy":"category","embeddable":true,"href":"http:\/\/berg.to\/blog\/wp-json\/wp\/v2\/categories?post=744"},{"taxonomy":"post_tag","embeddable":true,"href":"http:\/\/berg.to\/blog\/wp-json\/wp\/v2\/tags?post=744"}],"curies":[{"name":"wp","href":"https:\/\/api.w.org\/{rel}","templated":true}]}}